[{"@context":"https:\/\/schema.org\/","@type":"Blog","@id":"https:\/\/www.alfa9.cz#Blog","headline":"Alfa 9","description":"\nJsou v\u00a0\u017eivot\u011b lidsk\u00e9m situace, s\u00a0nimi\u017e se zkr\u00e1tka nic nenad\u011bl\u00e1. Ale pokud jsou situace, s\u00a0nimi\u017e se n\u011bco nad\u011blat d\u00e1, pak v\u00e1m s\u00a0t\u00edm na na\u0161em webu pom\u016f\u017eeme.","url":"https:\/\/www.alfa9.cz","hasPart":[{"@type":"Article","@id":"https:\/\/www.alfa9.cz\/mobil-v-bezpeci\/","headline":"Mobil v bezpe\u010d\u00ed","url":"https:\/\/www.alfa9.cz\/mobil-v-bezpeci\/","datePublished":"2025-06-13","dateModified":"2025-06-13","mainEntityOfPage":"https:\/\/www.alfa9.cz\/mobil-v-bezpeci\/","author":{"@type":"Person","@id":"https:\/\/www.alfa9.cz\/author\/devene\/#Person","name":"devene","url":"https:\/\/www.alfa9.cz\/author\/devene\/","identifier":1,"image":{"@type":"ImageObject","@id":"https:\/\/secure.gravatar.com\/avatar\/e1629206dbcdd39ad2b75cad97ca59670e29a5a134f2605d5414f1deeec462dc?s=96&d=mm&r=g","url":"https:\/\/secure.gravatar.com\/avatar\/e1629206dbcdd39ad2b75cad97ca59670e29a5a134f2605d5414f1deeec462dc?s=96&d=mm&r=g","height":96,"width":96}},"publisher":{"@type":"Organization","name":"alfa9.cz","logo":{"@type":"ImageObject","@id":"\/logo.png","url":"\/logo.png","width":600,"height":60}},"image":{"@type":"ImageObject","@id":"https:\/\/www.alfa9.cz\/wp-content\/uploads\/office-620817_640_10.jpg","url":"https:\/\/www.alfa9.cz\/wp-content\/uploads\/office-620817_640_10.jpg","height":0,"width":0},"wordCount":526,"keywords":null},{"@type":"Article","@id":"https:\/\/www.alfa9.cz\/vejire\/","headline":"V\u011bj\u00ed\u0159e","url":"https:\/\/www.alfa9.cz\/vejire\/","datePublished":"2025-04-20","dateModified":"2025-04-20","mainEntityOfPage":"https:\/\/www.alfa9.cz\/vejire\/","author":{"@type":"Person","@id":"https:\/\/www.alfa9.cz\/author\/devene\/#Person","name":"devene","url":"https:\/\/www.alfa9.cz\/author\/devene\/","identifier":1,"image":{"@type":"ImageObject","@id":"https:\/\/secure.gravatar.com\/avatar\/e1629206dbcdd39ad2b75cad97ca59670e29a5a134f2605d5414f1deeec462dc?s=96&d=mm&r=g","url":"https:\/\/secure.gravatar.com\/avatar\/e1629206dbcdd39ad2b75cad97ca59670e29a5a134f2605d5414f1deeec462dc?s=96&d=mm&r=g","height":96,"width":96}},"publisher":{"@type":"Organization","name":"alfa9.cz","logo":{"@type":"ImageObject","@id":"\/logo.png","url":"\/logo.png","width":600,"height":60}},"image":null,"wordCount":208,"keywords":null},{"@type":"Article","@id":"https:\/\/www.alfa9.cz\/elektronicke-cigarety\/","headline":"Elektronick\u00e9 cigarety","url":"https:\/\/www.alfa9.cz\/elektronicke-cigarety\/","datePublished":"2025-04-18","dateModified":"2025-04-18","mainEntityOfPage":"https:\/\/www.alfa9.cz\/elektronicke-cigarety\/","author":{"@type":"Person","@id":"https:\/\/www.alfa9.cz\/author\/devene\/#Person","name":"devene","url":"https:\/\/www.alfa9.cz\/author\/devene\/","identifier":1,"image":{"@type":"ImageObject","@id":"https:\/\/secure.gravatar.com\/avatar\/e1629206dbcdd39ad2b75cad97ca59670e29a5a134f2605d5414f1deeec462dc?s=96&d=mm&r=g","url":"https:\/\/secure.gravatar.com\/avatar\/e1629206dbcdd39ad2b75cad97ca59670e29a5a134f2605d5414f1deeec462dc?s=96&d=mm&r=g","height":96,"width":96}},"publisher":{"@type":"Organization","name":"alfa9.cz","logo":{"@type":"ImageObject","@id":"\/logo.png","url":"\/logo.png","width":600,"height":60}},"image":{"@type":"ImageObject","@id":"https:\/\/www.alfa9.cz\/wp-content\/uploads\/people-3252562_640_1.jpg","url":"https:\/\/www.alfa9.cz\/wp-content\/uploads\/people-3252562_640_1.jpg","height":0,"width":0},"wordCount":523,"keywords":null},{"@type":"Article","@id":"https:\/\/www.alfa9.cz\/pro-elegantni-obyvaci-pokoj\/","headline":"Pro elegantn\u00ed ob\u00fdvac\u00ed pokoj","url":"https:\/\/www.alfa9.cz\/pro-elegantni-obyvaci-pokoj\/","datePublished":"2025-04-13","dateModified":"2025-04-13","mainEntityOfPage":"https:\/\/www.alfa9.cz\/pro-elegantni-obyvaci-pokoj\/","author":{"@type":"Person","@id":"https:\/\/www.alfa9.cz\/author\/devene\/#Person","name":"devene","url":"https:\/\/www.alfa9.cz\/author\/devene\/","identifier":1,"image":{"@type":"ImageObject","@id":"https:\/\/secure.gravatar.com\/avatar\/e1629206dbcdd39ad2b75cad97ca59670e29a5a134f2605d5414f1deeec462dc?s=96&d=mm&r=g","url":"https:\/\/secure.gravatar.com\/avatar\/e1629206dbcdd39ad2b75cad97ca59670e29a5a134f2605d5414f1deeec462dc?s=96&d=mm&r=g","height":96,"width":96}},"publisher":{"@type":"Organization","name":"alfa9.cz","logo":{"@type":"ImageObject","@id":"\/logo.png","url":"\/logo.png","width":600,"height":60}},"image":null,"wordCount":166,"keywords":null},{"@type":"Article","@id":"https:\/\/www.alfa9.cz\/bazen-je-idealni-prostredi-pro-upevneni-pratelstvi\/","headline":"Baz\u00e9n je ide\u00e1ln\u00ed prost\u0159ed\u00ed pro upevn\u011bn\u00ed p\u0159\u00e1telstv\u00ed","url":"https:\/\/www.alfa9.cz\/bazen-je-idealni-prostredi-pro-upevneni-pratelstvi\/","datePublished":"2025-04-12","dateModified":"2025-04-12","mainEntityOfPage":"https:\/\/www.alfa9.cz\/bazen-je-idealni-prostredi-pro-upevneni-pratelstvi\/","author":{"@type":"Person","@id":"https:\/\/www.alfa9.cz\/author\/devene\/#Person","name":"devene","url":"https:\/\/www.alfa9.cz\/author\/devene\/","identifier":1,"image":{"@type":"ImageObject","@id":"https:\/\/secure.gravatar.com\/avatar\/e1629206dbcdd39ad2b75cad97ca59670e29a5a134f2605d5414f1deeec462dc?s=96&d=mm&r=g","url":"https:\/\/secure.gravatar.com\/avatar\/e1629206dbcdd39ad2b75cad97ca59670e29a5a134f2605d5414f1deeec462dc?s=96&d=mm&r=g","height":96,"width":96}},"publisher":{"@type":"Organization","name":"alfa9.cz","logo":{"@type":"ImageObject","@id":"\/logo.png","url":"\/logo.png","width":600,"height":60}},"image":{"@type":"ImageObject","@id":"https:\/\/www.alfa9.cz\/wp-content\/uploads\/swimming-pool-830505_640_6.jpg","url":"https:\/\/www.alfa9.cz\/wp-content\/uploads\/swimming-pool-830505_640_6.jpg","height":0,"width":0},"wordCount":661,"keywords":null},{"@type":"Article","@id":"https:\/\/www.alfa9.cz\/sportovni-obleceni\/","headline":"Sportovn\u00ed oble\u010den\u00ed","url":"https:\/\/www.alfa9.cz\/sportovni-obleceni\/","datePublished":"2025-04-06","dateModified":"2025-04-06","mainEntityOfPage":"https:\/\/www.alfa9.cz\/sportovni-obleceni\/","author":{"@type":"Person","@id":"https:\/\/www.alfa9.cz\/author\/devene\/#Person","name":"devene","url":"https:\/\/www.alfa9.cz\/author\/devene\/","identifier":1,"image":{"@type":"ImageObject","@id":"https:\/\/secure.gravatar.com\/avatar\/e1629206dbcdd39ad2b75cad97ca59670e29a5a134f2605d5414f1deeec462dc?s=96&d=mm&r=g","url":"https:\/\/secure.gravatar.com\/avatar\/e1629206dbcdd39ad2b75cad97ca59670e29a5a134f2605d5414f1deeec462dc?s=96&d=mm&r=g","height":96,"width":96}},"publisher":{"@type":"Organization","name":"alfa9.cz","logo":{"@type":"ImageObject","@id":"\/logo.png","url":"\/logo.png","width":600,"height":60}},"image":null,"wordCount":230,"keywords":null},{"@type":"Article","@id":"https:\/\/www.alfa9.cz\/jak-vyresit-problemy-s-erekci\/","headline":"Jak vy\u0159e\u0161it probl\u00e9my s erekc\u00ed?","url":"https:\/\/www.alfa9.cz\/jak-vyresit-problemy-s-erekci\/","datePublished":"2025-03-29","dateModified":"2025-03-29","mainEntityOfPage":"https:\/\/www.alfa9.cz\/jak-vyresit-problemy-s-erekci\/","author":{"@type":"Person","@id":"https:\/\/www.alfa9.cz\/author\/devene\/#Person","name":"devene","url":"https:\/\/www.alfa9.cz\/author\/devene\/","identifier":1,"image":{"@type":"ImageObject","@id":"https:\/\/secure.gravatar.com\/avatar\/e1629206dbcdd39ad2b75cad97ca59670e29a5a134f2605d5414f1deeec462dc?s=96&d=mm&r=g","url":"https:\/\/secure.gravatar.com\/avatar\/e1629206dbcdd39ad2b75cad97ca59670e29a5a134f2605d5414f1deeec462dc?s=96&d=mm&r=g","height":96,"width":96}},"publisher":{"@type":"Organization","name":"alfa9.cz","logo":{"@type":"ImageObject","@id":"\/logo.png","url":"\/logo.png","width":600,"height":60}},"image":{"@type":"ImageObject","@id":"https:\/\/www.alfa9.cz\/wp-content\/uploads\/myriam-zilles-KltoLK6Mk-g-unsplash%20(1)_3.jpg","url":"https:\/\/www.alfa9.cz\/wp-content\/uploads\/myriam-zilles-KltoLK6Mk-g-unsplash%20(1)_3.jpg","height":0,"width":0},"wordCount":559,"keywords":null},{"@type":"Article","@id":"https:\/\/www.alfa9.cz\/hlavne-potichu\/","headline":"Hlavn\u011b potichu!","url":"https:\/\/www.alfa9.cz\/hlavne-potichu\/","datePublished":"2025-03-28","dateModified":"2025-03-28","mainEntityOfPage":"https:\/\/www.alfa9.cz\/hlavne-potichu\/","author":{"@type":"Person","@id":"https:\/\/www.alfa9.cz\/author\/devene\/#Person","name":"devene","url":"https:\/\/www.alfa9.cz\/author\/devene\/","identifier":1,"image":{"@type":"ImageObject","@id":"https:\/\/secure.gravatar.com\/avatar\/e1629206dbcdd39ad2b75cad97ca59670e29a5a134f2605d5414f1deeec462dc?s=96&d=mm&r=g","url":"https:\/\/secure.gravatar.com\/avatar\/e1629206dbcdd39ad2b75cad97ca59670e29a5a134f2605d5414f1deeec462dc?s=96&d=mm&r=g","height":96,"width":96}},"publisher":{"@type":"Organization","name":"alfa9.cz","logo":{"@type":"ImageObject","@id":"\/logo.png","url":"\/logo.png","width":600,"height":60}},"image":null,"wordCount":228,"keywords":null},{"@type":"Article","@id":"https:\/\/www.alfa9.cz\/to-nejvetsi-pohodli-diky-flanelovemu-povleceni\/","headline":"To nejv\u011bt\u0161\u00ed pohodl\u00ed d\u00edky flanelov\u00e9mu povle\u010den\u00ed","url":"https:\/\/www.alfa9.cz\/to-nejvetsi-pohodli-diky-flanelovemu-povleceni\/","datePublished":"2025-03-20","dateModified":"2025-03-20","mainEntityOfPage":"https:\/\/www.alfa9.cz\/to-nejvetsi-pohodli-diky-flanelovemu-povleceni\/","author":{"@type":"Person","@id":"https:\/\/www.alfa9.cz\/author\/devene\/#Person","name":"devene","url":"https:\/\/www.alfa9.cz\/author\/devene\/","identifier":1,"image":{"@type":"ImageObject","@id":"https:\/\/secure.gravatar.com\/avatar\/e1629206dbcdd39ad2b75cad97ca59670e29a5a134f2605d5414f1deeec462dc?s=96&d=mm&r=g","url":"https:\/\/secure.gravatar.com\/avatar\/e1629206dbcdd39ad2b75cad97ca59670e29a5a134f2605d5414f1deeec462dc?s=96&d=mm&r=g","height":96,"width":96}},"publisher":{"@type":"Organization","name":"alfa9.cz","logo":{"@type":"ImageObject","@id":"\/logo.png","url":"\/logo.png","width":600,"height":60}},"image":null,"wordCount":288,"keywords":null},{"@type":"Article","@id":"https:\/\/www.alfa9.cz\/sny-se-plni\/","headline":"Sny se pln\u00ed","url":"https:\/\/www.alfa9.cz\/sny-se-plni\/","datePublished":"2025-03-13","dateModified":"2025-03-13","mainEntityOfPage":"https:\/\/www.alfa9.cz\/sny-se-plni\/","author":{"@type":"Person","@id":"https:\/\/www.alfa9.cz\/author\/devene\/#Person","name":"devene","url":"https:\/\/www.alfa9.cz\/author\/devene\/","identifier":1,"image":{"@type":"ImageObject","@id":"https:\/\/secure.gravatar.com\/avatar\/e1629206dbcdd39ad2b75cad97ca59670e29a5a134f2605d5414f1deeec462dc?s=96&d=mm&r=g","url":"https:\/\/secure.gravatar.com\/avatar\/e1629206dbcdd39ad2b75cad97ca59670e29a5a134f2605d5414f1deeec462dc?s=96&d=mm&r=g","height":96,"width":96}},"publisher":{"@type":"Organization","name":"alfa9.cz","logo":{"@type":"ImageObject","@id":"\/logo.png","url":"\/logo.png","width":600,"height":60}},"image":null,"wordCount":266,"keywords":null}]},{"@context":"https:\/\/schema.org","@type":"WebSite","@id":"https:\/\/www.alfa9.cz\/#website","name":"Alfa 9","url":"https:\/\/www.alfa9.cz","potentialAction":{"@type":"SearchAction","target":"https:\/\/www.alfa9.cz\/?s={search_term_string}","query-input":"required name=search_term_string"}}]