[{"@context":"https:\/\/schema.org\/","@type":"Article","@id":"https:\/\/www.alfa9.cz\/letni-tabor-v-srdci-brd\/#Article","mainEntityOfPage":"https:\/\/www.alfa9.cz\/letni-tabor-v-srdci-brd\/","headline":"Letn\u00ed t\u00e1bor v srdci Brd","name":"Letn\u00ed t\u00e1bor v srdci Brd","description":"Pokud chcete m\u00edt jistotu, \u017ee vyberete mezit\u00e1bory 2021 ten spr\u00e1vn\u00fd letn\u00ed t\u00e1bor pro va\u0161e d\u00edtko, pak v\u00e1m m\u016f\u017eeme s klidn\u00fdm srdcem doporu\u010dit Rekrea\u010dn\u00ed st\u0159edisko \u201eSobe\u0148\u00e1k\u201c v srdci Brd. Nach\u00e1z\u00ed se [&hellip;]","datePublished":"2021-02-16","dateModified":"2023-09-13","author":{"@type":"Person","@id":"https:\/\/www.alfa9.cz\/author\/devene\/#Person","name":"devene","url":"https:\/\/www.alfa9.cz\/author\/devene\/","identifier":1,"image":{"@type":"ImageObject","@id":"https:\/\/secure.gravatar.com\/avatar\/e1629206dbcdd39ad2b75cad97ca59670e29a5a134f2605d5414f1deeec462dc?s=96&d=mm&r=g","url":"https:\/\/secure.gravatar.com\/avatar\/e1629206dbcdd39ad2b75cad97ca59670e29a5a134f2605d5414f1deeec462dc?s=96&d=mm&r=g","height":96,"width":96}},"publisher":{"@type":"Organization","name":"alfa9.cz","logo":{"@type":"ImageObject","@id":"\/logo.png","url":"\/logo.png","width":600,"height":60}},"image":{"@type":"ImageObject","@id":"https:\/\/www.alfa9.cz\/wp-content\/uploads\/lesn%C3%AD%20cesta.jpg","url":"https:\/\/www.alfa9.cz\/wp-content\/uploads\/lesn%C3%AD%20cesta.jpg","height":0,"width":0},"url":"https:\/\/www.alfa9.cz\/letni-tabor-v-srdci-brd\/","about":["Byznys"],"wordCount":409,"articleBody":" Pokud chcete m\u00edt jistotu, \u017ee vyberete mezit\u00e1bory 2021 ten spr\u00e1vn\u00fd letn\u00ed t\u00e1bor pro va\u0161e d\u00edtko, pak v\u00e1m m\u016f\u017eeme s klidn\u00fdm srdcem doporu\u010dit Rekrea\u010dn\u00ed st\u0159edisko \u201eSobe\u0148\u00e1k\u201c v srdci Brd. Nach\u00e1z\u00ed se na hranici Chr\u00e1n\u011bn\u00e9 krajinn\u00e9 oblasti Brdy v bl\u00edzkosti Ro\u017emit\u00e1lu pod T\u0159em\u0161\u00ednem \u2013 to pro va\u0161i n\u00e1zornost, abyste si dok\u00e1zali p\u0159edstavit, kde se st\u0159edisko nach\u00e1z\u00ed. Odjezd d\u011bt\u00ed b\u00fdv\u00e1 zpravidla z Prahy a z P\u0159\u00edbrami. Are\u00e1l si zamiluje ka\u017ed\u00fd, kdo je obdivovatelem na\u0161\u00ed kr\u00e1sn\u00e9 zelen\u00e9 p\u0159\u00edrody, proto\u017ee tr\u016fn\u00ed na proslun\u011bn\u00e9 louce uprost\u0159ed lesa a je tedy obklopen vzrostl\u00fdmi stromy, kde prot\u00e9k\u00e1 pot\u016f\u010dek a je tam situov\u00e1n tak\u00e9 rybn\u00edk.Pro d\u011btsk\u00e9 letn\u00ed t\u00e1bory je to poklad na ne St\u0159\u00edbrn\u00e9m jeze\u0159e, ale na Spr\u00e1vn\u00e9m m\u00edst\u011b. Nemus\u00edte m\u00edt obavy, \u017ee by va\u0161e d\u00edt\u011b str\u00e1dalo ohledn\u011b stravy, proto\u017ee stravov\u00e1n\u00ed se d\u011btem pod\u00e1v\u00e1 \u0161estkr\u00e1t denn\u011b a zaji\u0161\u0165uj\u00ed ho vlastn\u00ed kucha\u0159ky, kter\u00e9 va\u0159\u00ed a pod\u00e1vaj\u00ed naprosto chutnou a dom\u00e1c\u00ed stravu.Do objektu se vm\u00edst\u00ed maxim\u00e1ln\u011b sto osmdes\u00e1t lid\u00ed v\u010detn\u011b person\u00e1lu, tak\u017ee se jedn\u00e1 o rodinn\u00fd typ letn\u00edho t\u00e1bora. D\u011bti jsou ubytovan\u00e9 jak ve zd\u011bn\u00fdch budov\u00e1ch s p\u0159\u00edslu\u0161enstv\u00edm, tak star\u0161\u00ed d\u011bti \u2013 a ty to miluj\u00ed! \u2013 v jednotliv\u00fdch chatk\u00e1ch. Maj\u00ed tak pocit jak\u00e9hosi indi\u00e1nsk\u00e9ho bydlen\u00ed, proto\u017ee jsou v\u011bt\u0161inou zvykl\u00e9 na \u017eivot v panel\u00e1ku nebo v bytovce a najednou jsou v samostatn\u00e9 d\u0159ev\u011bn\u00e9 chatce jako by byli dosp\u011bl\u00e1ci! Chatky jsou nov\u011b rekonstruovan\u00e9, tak\u017ee pobyt v nich je k naprost\u00e9 spokojenosti d\u011bt\u00ed.V hlavn\u00ed budov\u011b je k dispozici velk\u00e1 a prostorn\u00e1 j\u00eddelna, dostate\u010dn\u00fd po\u010det nov\u011b zrekonstruovan\u00fdch soci\u00e1ln\u00edch za\u0159\u00edzen\u00ed, u\u010debny a rozlehl\u00e1 zast\u0159e\u0161en\u00e1 terasa s krbem, kterou lze vyu\u017e\u00edt v p\u0159\u00edpad\u011b de\u0161tiv\u00e9ho po\u010das\u00ed. Jinak jsme s d\u011btmi zpravidla st\u00e1le venku na \u010derstv\u00e9m vzduchu a db\u00e1me na pravidelnou pohybovou aktivitu. Ale d\u011bti nemus\u00edme do ni\u010deho nutit, jsou naprosto \u0161\u0165astn\u00e9, \u017ee jsou v p\u0159\u00edrod\u011b, voln\u00e9 a pro\u017e\u00edvaj\u00ed st\u00e1le nov\u00e9 a nov\u00e9 z\u00e1\u017eitky.                                                                                                                                                                                                                                                                                                                                                                                          4.2\/5 - (8 votes)        "},{"@context":"https:\/\/schema.org\/","@type":"BreadcrumbList","itemListElement":[{"@type":"ListItem","position":1,"name":"Letn\u00ed t\u00e1bor v srdci Brd","item":"https:\/\/www.alfa9.cz\/letni-tabor-v-srdci-brd\/#breadcrumbitem"}]}]