{"@context":"https:\/\/schema.org\/","@type":"CollectionPage","@id":"https:\/\/www.alfa9.cz\/dovolena\/#CollectionPage","headline":"Dovolen\u00e1 Category","description":"","url":"https:\/\/www.alfa9.cz\/dovolena\/","hasPart":[{"@type":"Article","@id":"https:\/\/www.alfa9.cz\/proc-si-doprat-luxusni-dovolenou\/","headline":"Pro\u010d si dop\u0159\u00e1t luxusn\u00ed dovolenou?","url":"https:\/\/www.alfa9.cz\/proc-si-doprat-luxusni-dovolenou\/","datePublished":"2024-03-29","dateModified":"2024-03-29","mainEntityOfPage":"https:\/\/www.alfa9.cz\/proc-si-doprat-luxusni-dovolenou\/","author":{"@type":"Person","@id":"https:\/\/www.alfa9.cz\/author\/devene\/#Person","name":"devene","url":"https:\/\/www.alfa9.cz\/author\/devene\/","identifier":1,"image":{"@type":"ImageObject","@id":"https:\/\/secure.gravatar.com\/avatar\/e1629206dbcdd39ad2b75cad97ca59670e29a5a134f2605d5414f1deeec462dc?s=96&d=mm&r=g","url":"https:\/\/secure.gravatar.com\/avatar\/e1629206dbcdd39ad2b75cad97ca59670e29a5a134f2605d5414f1deeec462dc?s=96&d=mm&r=g","height":96,"width":96}},"publisher":{"@type":"Organization","name":"alfa9.cz","logo":{"@type":"ImageObject","@id":"\/logo.png","url":"\/logo.png","width":600,"height":60}},"image":{"@type":"ImageObject","@id":"https:\/\/www.alfa9.cz\/wp-content\/uploads\/vicko-mozara-m82uh_vamhg-unsplash.jpg","url":"https:\/\/www.alfa9.cz\/wp-content\/uploads\/vicko-mozara-m82uh_vamhg-unsplash.jpg","height":0,"width":0},"keywords":null},{"@type":"Article","@id":"https:\/\/www.alfa9.cz\/dovolena-je-tu-kvuli-oddechu\/","headline":"Dovolen\u00e1 je tu kv\u016fli oddechu","url":"https:\/\/www.alfa9.cz\/dovolena-je-tu-kvuli-oddechu\/","datePublished":"2022-08-23","dateModified":"2023-05-19","mainEntityOfPage":"https:\/\/www.alfa9.cz\/dovolena-je-tu-kvuli-oddechu\/","author":{"@type":"Person","@id":"https:\/\/www.alfa9.cz\/author\/devene\/#Person","name":"devene","url":"https:\/\/www.alfa9.cz\/author\/devene\/","identifier":1,"image":{"@type":"ImageObject","@id":"https:\/\/secure.gravatar.com\/avatar\/e1629206dbcdd39ad2b75cad97ca59670e29a5a134f2605d5414f1deeec462dc?s=96&d=mm&r=g","url":"https:\/\/secure.gravatar.com\/avatar\/e1629206dbcdd39ad2b75cad97ca59670e29a5a134f2605d5414f1deeec462dc?s=96&d=mm&r=g","height":96,"width":96}},"publisher":{"@type":"Organization","name":"alfa9.cz","logo":{"@type":"ImageObject","@id":"\/logo.png","url":"\/logo.png","width":600,"height":60}},"image":{"@type":"ImageObject","@id":"https:\/\/www.alfa9.cz\/wp-content\/uploads\/dovolen%C3%A13.jpg","url":"https:\/\/www.alfa9.cz\/wp-content\/uploads\/dovolen%C3%A13.jpg","height":0,"width":0},"keywords":null},{"@type":"Article","@id":"https:\/\/www.alfa9.cz\/jizda-podel-sazavy-nemusi-probihat-jen-autem\/","headline":"J\u00edzda pod\u00e9l S\u00e1zavy nemus\u00ed prob\u00edhat jen autem","url":"https:\/\/www.alfa9.cz\/jizda-podel-sazavy-nemusi-probihat-jen-autem\/","datePublished":"2022-01-11","dateModified":"2023-05-19","mainEntityOfPage":"https:\/\/www.alfa9.cz\/jizda-podel-sazavy-nemusi-probihat-jen-autem\/","author":{"@type":"Person","@id":"https:\/\/www.alfa9.cz\/author\/devene\/#Person","name":"devene","url":"https:\/\/www.alfa9.cz\/author\/devene\/","identifier":1,"image":{"@type":"ImageObject","@id":"https:\/\/secure.gravatar.com\/avatar\/e1629206dbcdd39ad2b75cad97ca59670e29a5a134f2605d5414f1deeec462dc?s=96&d=mm&r=g","url":"https:\/\/secure.gravatar.com\/avatar\/e1629206dbcdd39ad2b75cad97ca59670e29a5a134f2605d5414f1deeec462dc?s=96&d=mm&r=g","height":96,"width":96}},"publisher":{"@type":"Organization","name":"alfa9.cz","logo":{"@type":"ImageObject","@id":"\/logo.png","url":"\/logo.png","width":600,"height":60}},"image":{"@type":"ImageObject","@id":"https:\/\/www.alfa9.cz\/wp-content\/uploads\/sazava-3512430_640_4.jpg","url":"https:\/\/www.alfa9.cz\/wp-content\/uploads\/sazava-3512430_640_4.jpg","height":0,"width":0},"keywords":null},{"@type":"Article","@id":"https:\/\/www.alfa9.cz\/lekarnicka-na-cesty\/","headline":"L\u00e9k\u00e1rni\u010dka na cesty","url":"https:\/\/www.alfa9.cz\/lekarnicka-na-cesty\/","datePublished":"2020-02-02","dateModified":"2023-05-19","mainEntityOfPage":"https:\/\/www.alfa9.cz\/lekarnicka-na-cesty\/","author":{"@type":"Person","@id":"https:\/\/www.alfa9.cz\/author\/devene\/#Person","name":"devene","url":"https:\/\/www.alfa9.cz\/author\/devene\/","identifier":1,"image":{"@type":"ImageObject","@id":"https:\/\/secure.gravatar.com\/avatar\/e1629206dbcdd39ad2b75cad97ca59670e29a5a134f2605d5414f1deeec462dc?s=96&d=mm&r=g","url":"https:\/\/secure.gravatar.com\/avatar\/e1629206dbcdd39ad2b75cad97ca59670e29a5a134f2605d5414f1deeec462dc?s=96&d=mm&r=g","height":96,"width":96}},"publisher":{"@type":"Organization","name":"alfa9.cz","logo":{"@type":"ImageObject","@id":"\/logo.png","url":"\/logo.png","width":600,"height":60}},"image":{"@type":"ImageObject","@id":"https:\/\/www.alfa9.cz\/wp-content\/uploads\/img_a370392_w3828_t1582089233.jpg","url":"https:\/\/www.alfa9.cz\/wp-content\/uploads\/img_a370392_w3828_t1582089233.jpg","height":0,"width":0},"keywords":null}]}