[{"@context":"https:\/\/schema.org\/","@type":"Article","@id":"https:\/\/www.alfa9.cz\/barva-letosniho-roku-cervena\/#Article","mainEntityOfPage":"https:\/\/www.alfa9.cz\/barva-letosniho-roku-cervena\/","headline":"Barva leto\u0161n\u00edho roku? \u010cerven\u00e1!","name":"Barva leto\u0161n\u00edho roku? \u010cerven\u00e1!","description":"Mu\u017ei jako hrdinn\u00ed hasi\u010di, \u017eeny jako Pamela z&nbsp;Pob\u0159e\u017en\u00ed hl\u00eddky. To je trend leto\u0161n\u00edho roku a zejm\u00e9na leto\u0161n\u00edho l\u00e9ta. V\u0161echno to za\u010dalo nen\u00e1padnou v\u00fdzvou jedn\u00e9 americk\u00e9 m\u00f3dn\u00ed zna\u010dky na Twitteru a [&hellip;]","datePublished":"2017-06-30","dateModified":"2023-05-19","author":{"@type":"Person","@id":"https:\/\/www.alfa9.cz\/author\/devene\/#Person","name":"devene","url":"https:\/\/www.alfa9.cz\/author\/devene\/","identifier":1,"image":{"@type":"ImageObject","@id":"https:\/\/secure.gravatar.com\/avatar\/e1629206dbcdd39ad2b75cad97ca59670e29a5a134f2605d5414f1deeec462dc?s=96&d=mm&r=g","url":"https:\/\/secure.gravatar.com\/avatar\/e1629206dbcdd39ad2b75cad97ca59670e29a5a134f2605d5414f1deeec462dc?s=96&d=mm&r=g","height":96,"width":96}},"publisher":{"@type":"Organization","name":"alfa9.cz","logo":{"@type":"ImageObject","@id":"\/logo.png","url":"\/logo.png","width":600,"height":60}},"image":{"@type":"ImageObject","@id":"https:\/\/www.alfa9.cz\/wp-content\/uploads\/img_a291575_w1760_t1504077802.jpg","url":"https:\/\/www.alfa9.cz\/wp-content\/uploads\/img_a291575_w1760_t1504077802.jpg","height":0,"width":0},"url":"https:\/\/www.alfa9.cz\/barva-letosniho-roku-cervena\/","about":["Kr\u00e1sa"],"wordCount":410,"articleBody":"Mu\u017ei jako hrdinn\u00ed hasi\u010di, \u017eeny jako Pamela z&nbsp;Pob\u0159e\u017en\u00ed hl\u00eddky. To je trend leto\u0161n\u00edho roku a zejm\u00e9na leto\u0161n\u00edho l\u00e9ta. V\u0161echno to za\u010dalo nen\u00e1padnou v\u00fdzvou jedn\u00e9 americk\u00e9 m\u00f3dn\u00ed zna\u010dky na Twitteru a Instagramu. Po\u017eadavek byl takov\u00fd, aby \u010dten\u00e1\u0159ky sd\u00edlely svoje fotky v&nbsp;\u010derven\u00fdch plavk\u00e1ch al\u00e1 Pamela. Odm\u011bnou za nejlep\u0161\u00ed fotografie byl voucher na n\u00e1kup. B\u011bhem n\u011bkolika hodin se nashrom\u00e1\u017edilo tis\u00edce fotek, kter\u00e9 se jako lavina \u0161\u00ed\u0159ily po soci\u00e1ln\u00edch s\u00edt\u00edch.Pro\u010d zrovna \u010derven\u00e1? Je to jednoduch\u00e9. Tahle barva slu\u0161\u00ed v\u0161em a v\u017edy. U d\u00e1msk\u00fdch plavek nez\u00e1le\u017e\u00ed na tom, zda jde o jednod\u00edln\u00e9 nebo bikiny. Noste ty, kter\u00e9 vyhovuj\u00ed V\u00e1m a v\u011b\u0159te, \u017ee je nenos\u00ed jen Pamela v&nbsp;notoricky zn\u00e1m\u00e9m seri\u00e1lu Bay Watch, ale i hv\u011bzdy jako nap\u0159. Britney Speares a Rihanna. A\u0165 u\u017e m\u00e1te dlouh\u00e9 nebo kr\u00e1tk\u00e9 vlasy, jste blond\u00fdnka nebo bruneta, u \u010derven\u00e9 je to jedno. \u010cerven\u00e1 je jako ohe\u0148 a pout\u00e1 pozornost ka\u017ed\u00e9ho.A co \u010derven\u00e1 kabelka nebo \u010derven\u00e9 lodi\u010dky? A\u0165 zkus\u00edte jakoukoli kombinaci s&nbsp;\u010dervenou, v\u017edy bude poveden\u00e1. \u010cerven\u00e1 lad\u00ed jak s&nbsp;b\u00edlou tak s&nbsp;\u010dernou. S&nbsp;tmav\u011b modrou symbolizuje eleganci. Se \u017elutou zved\u00e1 n\u00e1ladu a ukazuje, \u017ee jste vesel\u00e9 povahy. Se zelenou pak navozuje V\u00e1no\u010dn\u00ed atmosf\u00e9ru.Pro mu\u017ee byla \u010derven\u00e1, snad krom\u011b hasi\u010d\u016f, dlouhou dobu tabu. Dnes jsou v&nbsp;oblib\u011b \u010derven\u00e9 kostkovan\u00e9 ko\u0161ile v&nbsp;d\u0159evorubeck\u00e9m stylu, \u010derven\u00e1 trika a dokonce i kalhoty, a to op\u011bt ze stejn\u00e9ho d\u016fvodu. \u010cerven\u00e1 lad\u00ed i mu\u017e\u016fm ke v\u0161emu a nen\u00ed d\u016fvod se j\u00ed ob\u00e1vat. V&nbsp;d\u00e1vn\u00fdch dob\u00e1ch byla \u010derven\u00e1 symbolem mu\u017esk\u00e9 udatnosti a symbolizovala krev protivn\u00edka.Nosili j\u00ed v\u00e1le\u010dn\u00edci a udatn\u00ed panovn\u00edci. Uka\u017ete svoje sebev\u011bdom\u00ed a oboha\u0165te si \u0161atn\u00edk \u010derven\u00fdm kouskem. Jedna v\u011bdeck\u00e1 studie dokonce prok\u00e1zala, \u017ee mu\u017ei, kte\u0159\u00ed nos\u00ed \u010dervenou, jsou pro \u017eeny p\u0159ita\u017eliv\u011bj\u0161\u00ed ne\u017e ti, kte\u0159\u00ed ji nenos\u00ed. Toto pozn\u00e1n\u00ed plat\u00ed i naopak. Mu\u017ee p\u0159itahuj\u00ed \u017eeny v&nbsp;\u010derven\u00e9, proto\u017ee tato barva symbolizuje dravost a nespoutanost. A to je opravdu velk\u00fd d\u016fvod, pro\u010d zvolit \u010dervenou.                                                                                                                                                                                                                                                                                                                                                                                        4\/5 - (7 votes)        "},{"@context":"https:\/\/schema.org\/","@type":"BreadcrumbList","itemListElement":[{"@type":"ListItem","position":1,"name":"Barva leto\u0161n\u00edho roku? \u010cerven\u00e1!","item":"https:\/\/www.alfa9.cz\/barva-letosniho-roku-cervena\/#breadcrumbitem"}]}]